{"id":1784,"date":"2025-10-02T13:14:13","date_gmt":"2025-10-02T11:14:13","guid":{"rendered":"https:\/\/cjib.cat\/el-cjib-se-reune-con-la-nueva-directora-general-de-juventud\/"},"modified":"2025-10-03T11:26:29","modified_gmt":"2025-10-03T09:26:29","slug":"el-cjib-se-reune-con-la-nueva-directora-general-de-juventud","status":"publish","type":"post","link":"https:\/\/cjib.cat\/es\/el-cjib-se-reune-con-la-nueva-directora-general-de-juventud\/","title":{"rendered":"El CJIB se reune con la nueva Directora General de Juventud"},"content":{"rendered":"\n<p>Hoy el Consell de la Joventut de les Illes Balears (CJIB) nos hemos reunido con Catalina Isern, nueva directora general de Juventud del Govern, en un encuentro en el que tambi\u00e9n ha asistido Tom\u00e0s Amer, director del Institut Balear de la Joventut (IBJove).<\/p>\n\n<p>La reuni\u00f3n ha servido para presentar nuestra labor como plataforma que representa y da voz a las entidades juveniles de las Illes Balears, as\u00ed como para trasladar las principales necesidades a las que se enfrenta el movimiento asociativo juvenil. Entre ellas, hemos destacado la importancia de disponer de un espacio de trabajo adecuado para desarrollar mejor nuestra tarea y tambi\u00e9n la conveniencia de contar con m\u00e1s recursos que permitan fortalecer y ampliar los proyectos destinados a la juventud. <\/p>\n\n<p>La nueva directora general ha mostrado una gran predisposici\u00f3n e inter\u00e9s tanto en conocer de cerca la realidad del CJIB como en buscar v\u00edas para reforzar y acompa\u00f1ar nuestra labor.<\/p>\n\n<p>Durante el encuentro tambi\u00e9n hemos puesto sobre la mesa la importancia de la salud mental en la juventud, incidiendo en el valor que tiene el hecho de que sean los propios j\u00f3venes quienes ayuden y acompa\u00f1en a otros j\u00f3venes, ya que este v\u00ednculo permite conectar mejor y generar confianza.<\/p>\n\n<p>Desde el CJIB valoramos muy positivamente esta primera reuni\u00f3n y agradecemos la buena disposici\u00f3n tanto de la directora general como del director del IBJove. Confiamos en que este sea el inicio de una etapa de colaboraci\u00f3n fruct\u00edfera para fortalecer las pol\u00edticas de juventud en las Illes Balears. <\/p>\n\n<figure class=\"wp-block-image size-large\"><img decoding=\"async\" src=\"https:\/\/cjib.cat\/wp-content\/uploads\/2025\/10\/WhatsApp-Image-2025-10-02-at-13.03.39-768x1024.jpeg\" alt=\"\" class=\"wp-image-1781\"\/><\/figure>\n","protected":false},"excerpt":{"rendered":"<p>Hoy el Consell de la Joventut de les Illes Balears (CJIB) nos hemos reunido con Catalina Isern, nueva directora general de Juventud del Govern, en un encuentro en el que tambi\u00e9n ha asistido Tom\u00e0s Amer, director del Institut Balear de la Joventut (IBJove). La reuni\u00f3n ha servido para presentar nuestra labor como plataforma que representa [&hellip;]<\/p>\n","protected":false},"author":1,"featured_media":1782,"comment_status":"open","ping_status":"open","sticky":false,"template":"","format":"standard","meta":{"_acf_changed":false,"footnotes":""},"categories":[18],"tags":[],"class_list":["post-1784","post","type-post","status-publish","format-standard","has-post-thumbnail","hentry","category-noticias"],"acf":[],"yoast_head":"<!-- This site is optimized with the Yoast SEO plugin v27.4 - https:\/\/yoast.com\/product\/yoast-seo-wordpress\/ -->\n<title>El CJIB se reune con la nueva Directora General de Juventud - Consell de Joventut de les Illes Balears<\/title>\n<meta name=\"robots\" content=\"index, follow, max-snippet:-1, max-image-preview:large, max-video-preview:-1\" \/>\n<link rel=\"canonical\" href=\"https:\/\/cjib.cat\/es\/el-cjib-se-reune-con-la-nueva-directora-general-de-juventud\/\" \/>\n<meta property=\"og:locale\" content=\"es_ES\" \/>\n<meta property=\"og:type\" content=\"article\" \/>\n<meta property=\"og:title\" content=\"El CJIB se reune con la nueva Directora General de Juventud - Consell de Joventut de les Illes Balears\" \/>\n<meta property=\"og:description\" content=\"Hoy el Consell de la Joventut de les Illes Balears (CJIB) nos hemos reunido con Catalina Isern, nueva directora general de Juventud del Govern, en un encuentro en el que tambi\u00e9n ha asistido Tom\u00e0s Amer, director del Institut Balear de la Joventut (IBJove). La reuni\u00f3n ha servido para presentar nuestra labor como plataforma que representa [&hellip;]\" \/>\n<meta property=\"og:url\" content=\"https:\/\/cjib.cat\/es\/el-cjib-se-reune-con-la-nueva-directora-general-de-juventud\/\" \/>\n<meta property=\"og:site_name\" content=\"Consell de Joventut de les Illes Balears\" \/>\n<meta property=\"article:published_time\" content=\"2025-10-02T11:14:13+00:00\" \/>\n<meta property=\"article:modified_time\" content=\"2025-10-03T09:26:29+00:00\" \/>\n<meta property=\"og:image\" content=\"https:\/\/cjib.cat\/wp-content\/uploads\/2025\/10\/WhatsApp-Image-2025-10-02-at-13.03.39-e1759403603857.jpeg\" \/>\n\t<meta property=\"og:image:width\" content=\"1536\" \/>\n\t<meta property=\"og:image:height\" content=\"2048\" \/>\n\t<meta property=\"og:image:type\" content=\"image\/jpeg\" \/>\n<meta name=\"author\" content=\"admin\" \/>\n<meta name=\"twitter:card\" content=\"summary_large_image\" \/>\n<meta name=\"twitter:label1\" content=\"Escrito por\" \/>\n\t<meta name=\"twitter:data1\" content=\"admin\" \/>\n\t<meta name=\"twitter:label2\" content=\"Tiempo de lectura\" \/>\n\t<meta name=\"twitter:data2\" content=\"1 minuto\" \/>\n<script type=\"application\/ld+json\" class=\"yoast-schema-graph\">{\"@context\":\"https:\\\/\\\/schema.org\",\"@graph\":[{\"@type\":\"Article\",\"@id\":\"https:\\\/\\\/cjib.cat\\\/es\\\/el-cjib-se-reune-con-la-nueva-directora-general-de-juventud\\\/#article\",\"isPartOf\":{\"@id\":\"https:\\\/\\\/cjib.cat\\\/es\\\/el-cjib-se-reune-con-la-nueva-directora-general-de-juventud\\\/\"},\"author\":{\"name\":\"admin\",\"@id\":\"https:\\\/\\\/cjib.cat\\\/#\\\/schema\\\/person\\\/0c43ec505932187f4e7fe9847a6baeb4\"},\"headline\":\"El CJIB se reune con la nueva Directora General de Juventud\",\"datePublished\":\"2025-10-02T11:14:13+00:00\",\"dateModified\":\"2025-10-03T09:26:29+00:00\",\"mainEntityOfPage\":{\"@id\":\"https:\\\/\\\/cjib.cat\\\/es\\\/el-cjib-se-reune-con-la-nueva-directora-general-de-juventud\\\/\"},\"wordCount\":277,\"commentCount\":0,\"publisher\":{\"@id\":\"https:\\\/\\\/cjib.cat\\\/#organization\"},\"image\":{\"@id\":\"https:\\\/\\\/cjib.cat\\\/es\\\/el-cjib-se-reune-con-la-nueva-directora-general-de-juventud\\\/#primaryimage\"},\"thumbnailUrl\":\"https:\\\/\\\/cjib.cat\\\/wp-content\\\/uploads\\\/2025\\\/10\\\/WhatsApp-Image-2025-10-02-at-13.03.39-e1759403603857.jpeg\",\"articleSection\":[\"Noticias\"],\"inLanguage\":\"es\",\"potentialAction\":[{\"@type\":\"CommentAction\",\"name\":\"Comment\",\"target\":[\"https:\\\/\\\/cjib.cat\\\/es\\\/el-cjib-se-reune-con-la-nueva-directora-general-de-juventud\\\/#respond\"]}]},{\"@type\":\"WebPage\",\"@id\":\"https:\\\/\\\/cjib.cat\\\/es\\\/el-cjib-se-reune-con-la-nueva-directora-general-de-juventud\\\/\",\"url\":\"https:\\\/\\\/cjib.cat\\\/es\\\/el-cjib-se-reune-con-la-nueva-directora-general-de-juventud\\\/\",\"name\":\"El CJIB se reune con la nueva Directora General de Juventud - Consell de Joventut de les Illes Balears\",\"isPartOf\":{\"@id\":\"https:\\\/\\\/cjib.cat\\\/#website\"},\"primaryImageOfPage\":{\"@id\":\"https:\\\/\\\/cjib.cat\\\/es\\\/el-cjib-se-reune-con-la-nueva-directora-general-de-juventud\\\/#primaryimage\"},\"image\":{\"@id\":\"https:\\\/\\\/cjib.cat\\\/es\\\/el-cjib-se-reune-con-la-nueva-directora-general-de-juventud\\\/#primaryimage\"},\"thumbnailUrl\":\"https:\\\/\\\/cjib.cat\\\/wp-content\\\/uploads\\\/2025\\\/10\\\/WhatsApp-Image-2025-10-02-at-13.03.39-e1759403603857.jpeg\",\"datePublished\":\"2025-10-02T11:14:13+00:00\",\"dateModified\":\"2025-10-03T09:26:29+00:00\",\"breadcrumb\":{\"@id\":\"https:\\\/\\\/cjib.cat\\\/es\\\/el-cjib-se-reune-con-la-nueva-directora-general-de-juventud\\\/#breadcrumb\"},\"inLanguage\":\"es\",\"potentialAction\":[{\"@type\":\"ReadAction\",\"target\":[\"https:\\\/\\\/cjib.cat\\\/es\\\/el-cjib-se-reune-con-la-nueva-directora-general-de-juventud\\\/\"]}]},{\"@type\":\"ImageObject\",\"inLanguage\":\"es\",\"@id\":\"https:\\\/\\\/cjib.cat\\\/es\\\/el-cjib-se-reune-con-la-nueva-directora-general-de-juventud\\\/#primaryimage\",\"url\":\"https:\\\/\\\/cjib.cat\\\/wp-content\\\/uploads\\\/2025\\\/10\\\/WhatsApp-Image-2025-10-02-at-13.03.39-e1759403603857.jpeg\",\"contentUrl\":\"https:\\\/\\\/cjib.cat\\\/wp-content\\\/uploads\\\/2025\\\/10\\\/WhatsApp-Image-2025-10-02-at-13.03.39-e1759403603857.jpeg\",\"width\":1536,\"height\":2048},{\"@type\":\"BreadcrumbList\",\"@id\":\"https:\\\/\\\/cjib.cat\\\/es\\\/el-cjib-se-reune-con-la-nueva-directora-general-de-juventud\\\/#breadcrumb\",\"itemListElement\":[{\"@type\":\"ListItem\",\"position\":1,\"name\":\"\",\"item\":\"http:\\\/\\\/cjib.cat\\\/es\\\/\"},{\"@type\":\"ListItem\",\"position\":2,\"name\":\"El CJIB se reune con la nueva Directora General de Juventud\"}]},{\"@type\":\"WebSite\",\"@id\":\"https:\\\/\\\/cjib.cat\\\/#website\",\"url\":\"https:\\\/\\\/cjib.cat\\\/\",\"name\":\"Consell de Joventut de les Illes Balears\",\"description\":\"\",\"publisher\":{\"@id\":\"https:\\\/\\\/cjib.cat\\\/#organization\"},\"potentialAction\":[{\"@type\":\"SearchAction\",\"target\":{\"@type\":\"EntryPoint\",\"urlTemplate\":\"https:\\\/\\\/cjib.cat\\\/?s={search_term_string}\"},\"query-input\":{\"@type\":\"PropertyValueSpecification\",\"valueRequired\":true,\"valueName\":\"search_term_string\"}}],\"inLanguage\":\"es\"},{\"@type\":\"Organization\",\"@id\":\"https:\\\/\\\/cjib.cat\\\/#organization\",\"name\":\"Consell de Joventut de les Illes Balears\",\"url\":\"https:\\\/\\\/cjib.cat\\\/\",\"logo\":{\"@type\":\"ImageObject\",\"inLanguage\":\"es\",\"@id\":\"https:\\\/\\\/cjib.cat\\\/#\\\/schema\\\/logo\\\/image\\\/\",\"url\":\"https:\\\/\\\/cjib.cat\\\/wp-content\\\/uploads\\\/2024\\\/06\\\/Marca.svg\",\"contentUrl\":\"https:\\\/\\\/cjib.cat\\\/wp-content\\\/uploads\\\/2024\\\/06\\\/Marca.svg\",\"width\":255,\"height\":48,\"caption\":\"Consell de Joventut de les Illes Balears\"},\"image\":{\"@id\":\"https:\\\/\\\/cjib.cat\\\/#\\\/schema\\\/logo\\\/image\\\/\"}},{\"@type\":\"Person\",\"@id\":\"https:\\\/\\\/cjib.cat\\\/#\\\/schema\\\/person\\\/0c43ec505932187f4e7fe9847a6baeb4\",\"name\":\"admin\",\"image\":{\"@type\":\"ImageObject\",\"inLanguage\":\"es\",\"@id\":\"https:\\\/\\\/secure.gravatar.com\\\/avatar\\\/bc3698a81f00fcd1bcb069c5a9bb6000c98bd8da5d5981e2bdd4b19196ac0c3a?s=96&d=mm&r=g\",\"url\":\"https:\\\/\\\/secure.gravatar.com\\\/avatar\\\/bc3698a81f00fcd1bcb069c5a9bb6000c98bd8da5d5981e2bdd4b19196ac0c3a?s=96&d=mm&r=g\",\"contentUrl\":\"https:\\\/\\\/secure.gravatar.com\\\/avatar\\\/bc3698a81f00fcd1bcb069c5a9bb6000c98bd8da5d5981e2bdd4b19196ac0c3a?s=96&d=mm&r=g\",\"caption\":\"admin\"},\"sameAs\":[\"https:\\\/\\\/cjib.cat\"],\"url\":\"https:\\\/\\\/cjib.cat\\\/es\\\/author\\\/4kd8ec_nedb2sst\\\/\"}]}<\/script>\n<!-- \/ Yoast SEO plugin. -->","yoast_head_json":{"title":"El CJIB se reune con la nueva Directora General de Juventud - Consell de Joventut de les Illes Balears","robots":{"index":"index","follow":"follow","max-snippet":"max-snippet:-1","max-image-preview":"max-image-preview:large","max-video-preview":"max-video-preview:-1"},"canonical":"https:\/\/cjib.cat\/es\/el-cjib-se-reune-con-la-nueva-directora-general-de-juventud\/","og_locale":"es_ES","og_type":"article","og_title":"El CJIB se reune con la nueva Directora General de Juventud - Consell de Joventut de les Illes Balears","og_description":"Hoy el Consell de la Joventut de les Illes Balears (CJIB) nos hemos reunido con Catalina Isern, nueva directora general de Juventud del Govern, en un encuentro en el que tambi\u00e9n ha asistido Tom\u00e0s Amer, director del Institut Balear de la Joventut (IBJove). La reuni\u00f3n ha servido para presentar nuestra labor como plataforma que representa [&hellip;]","og_url":"https:\/\/cjib.cat\/es\/el-cjib-se-reune-con-la-nueva-directora-general-de-juventud\/","og_site_name":"Consell de Joventut de les Illes Balears","article_published_time":"2025-10-02T11:14:13+00:00","article_modified_time":"2025-10-03T09:26:29+00:00","og_image":[{"width":1536,"height":2048,"url":"https:\/\/cjib.cat\/wp-content\/uploads\/2025\/10\/WhatsApp-Image-2025-10-02-at-13.03.39-e1759403603857.jpeg","type":"image\/jpeg"}],"author":"admin","twitter_card":"summary_large_image","twitter_misc":{"Escrito por":"admin","Tiempo de lectura":"1 minuto"},"schema":{"@context":"https:\/\/schema.org","@graph":[{"@type":"Article","@id":"https:\/\/cjib.cat\/es\/el-cjib-se-reune-con-la-nueva-directora-general-de-juventud\/#article","isPartOf":{"@id":"https:\/\/cjib.cat\/es\/el-cjib-se-reune-con-la-nueva-directora-general-de-juventud\/"},"author":{"name":"admin","@id":"https:\/\/cjib.cat\/#\/schema\/person\/0c43ec505932187f4e7fe9847a6baeb4"},"headline":"El CJIB se reune con la nueva Directora General de Juventud","datePublished":"2025-10-02T11:14:13+00:00","dateModified":"2025-10-03T09:26:29+00:00","mainEntityOfPage":{"@id":"https:\/\/cjib.cat\/es\/el-cjib-se-reune-con-la-nueva-directora-general-de-juventud\/"},"wordCount":277,"commentCount":0,"publisher":{"@id":"https:\/\/cjib.cat\/#organization"},"image":{"@id":"https:\/\/cjib.cat\/es\/el-cjib-se-reune-con-la-nueva-directora-general-de-juventud\/#primaryimage"},"thumbnailUrl":"https:\/\/cjib.cat\/wp-content\/uploads\/2025\/10\/WhatsApp-Image-2025-10-02-at-13.03.39-e1759403603857.jpeg","articleSection":["Noticias"],"inLanguage":"es","potentialAction":[{"@type":"CommentAction","name":"Comment","target":["https:\/\/cjib.cat\/es\/el-cjib-se-reune-con-la-nueva-directora-general-de-juventud\/#respond"]}]},{"@type":"WebPage","@id":"https:\/\/cjib.cat\/es\/el-cjib-se-reune-con-la-nueva-directora-general-de-juventud\/","url":"https:\/\/cjib.cat\/es\/el-cjib-se-reune-con-la-nueva-directora-general-de-juventud\/","name":"El CJIB se reune con la nueva Directora General de Juventud - Consell de Joventut de les Illes Balears","isPartOf":{"@id":"https:\/\/cjib.cat\/#website"},"primaryImageOfPage":{"@id":"https:\/\/cjib.cat\/es\/el-cjib-se-reune-con-la-nueva-directora-general-de-juventud\/#primaryimage"},"image":{"@id":"https:\/\/cjib.cat\/es\/el-cjib-se-reune-con-la-nueva-directora-general-de-juventud\/#primaryimage"},"thumbnailUrl":"https:\/\/cjib.cat\/wp-content\/uploads\/2025\/10\/WhatsApp-Image-2025-10-02-at-13.03.39-e1759403603857.jpeg","datePublished":"2025-10-02T11:14:13+00:00","dateModified":"2025-10-03T09:26:29+00:00","breadcrumb":{"@id":"https:\/\/cjib.cat\/es\/el-cjib-se-reune-con-la-nueva-directora-general-de-juventud\/#breadcrumb"},"inLanguage":"es","potentialAction":[{"@type":"ReadAction","target":["https:\/\/cjib.cat\/es\/el-cjib-se-reune-con-la-nueva-directora-general-de-juventud\/"]}]},{"@type":"ImageObject","inLanguage":"es","@id":"https:\/\/cjib.cat\/es\/el-cjib-se-reune-con-la-nueva-directora-general-de-juventud\/#primaryimage","url":"https:\/\/cjib.cat\/wp-content\/uploads\/2025\/10\/WhatsApp-Image-2025-10-02-at-13.03.39-e1759403603857.jpeg","contentUrl":"https:\/\/cjib.cat\/wp-content\/uploads\/2025\/10\/WhatsApp-Image-2025-10-02-at-13.03.39-e1759403603857.jpeg","width":1536,"height":2048},{"@type":"BreadcrumbList","@id":"https:\/\/cjib.cat\/es\/el-cjib-se-reune-con-la-nueva-directora-general-de-juventud\/#breadcrumb","itemListElement":[{"@type":"ListItem","position":1,"name":"","item":"http:\/\/cjib.cat\/es\/"},{"@type":"ListItem","position":2,"name":"El CJIB se reune con la nueva Directora General de Juventud"}]},{"@type":"WebSite","@id":"https:\/\/cjib.cat\/#website","url":"https:\/\/cjib.cat\/","name":"Consell de Joventut de les Illes Balears","description":"","publisher":{"@id":"https:\/\/cjib.cat\/#organization"},"potentialAction":[{"@type":"SearchAction","target":{"@type":"EntryPoint","urlTemplate":"https:\/\/cjib.cat\/?s={search_term_string}"},"query-input":{"@type":"PropertyValueSpecification","valueRequired":true,"valueName":"search_term_string"}}],"inLanguage":"es"},{"@type":"Organization","@id":"https:\/\/cjib.cat\/#organization","name":"Consell de Joventut de les Illes Balears","url":"https:\/\/cjib.cat\/","logo":{"@type":"ImageObject","inLanguage":"es","@id":"https:\/\/cjib.cat\/#\/schema\/logo\/image\/","url":"https:\/\/cjib.cat\/wp-content\/uploads\/2024\/06\/Marca.svg","contentUrl":"https:\/\/cjib.cat\/wp-content\/uploads\/2024\/06\/Marca.svg","width":255,"height":48,"caption":"Consell de Joventut de les Illes Balears"},"image":{"@id":"https:\/\/cjib.cat\/#\/schema\/logo\/image\/"}},{"@type":"Person","@id":"https:\/\/cjib.cat\/#\/schema\/person\/0c43ec505932187f4e7fe9847a6baeb4","name":"admin","image":{"@type":"ImageObject","inLanguage":"es","@id":"https:\/\/secure.gravatar.com\/avatar\/bc3698a81f00fcd1bcb069c5a9bb6000c98bd8da5d5981e2bdd4b19196ac0c3a?s=96&d=mm&r=g","url":"https:\/\/secure.gravatar.com\/avatar\/bc3698a81f00fcd1bcb069c5a9bb6000c98bd8da5d5981e2bdd4b19196ac0c3a?s=96&d=mm&r=g","contentUrl":"https:\/\/secure.gravatar.com\/avatar\/bc3698a81f00fcd1bcb069c5a9bb6000c98bd8da5d5981e2bdd4b19196ac0c3a?s=96&d=mm&r=g","caption":"admin"},"sameAs":["https:\/\/cjib.cat"],"url":"https:\/\/cjib.cat\/es\/author\/4kd8ec_nedb2sst\/"}]}},"_links":{"self":[{"href":"https:\/\/cjib.cat\/es\/wp-json\/wp\/v2\/posts\/1784","targetHints":{"allow":["GET"]}}],"collection":[{"href":"https:\/\/cjib.cat\/es\/wp-json\/wp\/v2\/posts"}],"about":[{"href":"https:\/\/cjib.cat\/es\/wp-json\/wp\/v2\/types\/post"}],"author":[{"embeddable":true,"href":"https:\/\/cjib.cat\/es\/wp-json\/wp\/v2\/users\/1"}],"replies":[{"embeddable":true,"href":"https:\/\/cjib.cat\/es\/wp-json\/wp\/v2\/comments?post=1784"}],"version-history":[{"count":1,"href":"https:\/\/cjib.cat\/es\/wp-json\/wp\/v2\/posts\/1784\/revisions"}],"predecessor-version":[{"id":1785,"href":"https:\/\/cjib.cat\/es\/wp-json\/wp\/v2\/posts\/1784\/revisions\/1785"}],"wp:featuredmedia":[{"embeddable":true,"href":"https:\/\/cjib.cat\/es\/wp-json\/wp\/v2\/media\/1782"}],"wp:attachment":[{"href":"https:\/\/cjib.cat\/es\/wp-json\/wp\/v2\/media?parent=1784"}],"wp:term":[{"taxonomy":"category","embeddable":true,"href":"https:\/\/cjib.cat\/es\/wp-json\/wp\/v2\/categories?post=1784"},{"taxonomy":"post_tag","embeddable":true,"href":"https:\/\/cjib.cat\/es\/wp-json\/wp\/v2\/tags?post=1784"}],"curies":[{"name":"wp","href":"https:\/\/api.w.org\/{rel}","templated":true}]}}