{"id":1592,"date":"2025-04-07T12:13:58","date_gmt":"2025-04-07T10:13:58","guid":{"rendered":"https:\/\/cjib.cat\/el-cjib-participa-en-el-acampallengua-2025-en-felanitx-con-un-punto-informativo-y-de-venta-de-merchandising\/"},"modified":"2025-04-07T12:13:58","modified_gmt":"2025-04-07T10:13:58","slug":"el-cjib-participa-en-el-acampallengua-2025-en-felanitx-con-un-punto-informativo-y-de-venta-de-merchandising","status":"publish","type":"post","link":"http:\/\/cjib.cat\/es\/el-cjib-participa-en-el-acampallengua-2025-en-felanitx-con-un-punto-informativo-y-de-venta-de-merchandising\/","title":{"rendered":"El CJIB participa en el Acampallengua 2025 en Felanitx con un punto informativo y de venta de merchandising"},"content":{"rendered":"\n<p>Este pasado s\u00e1bado tuvimos el placer de participar en el Acampallengua 2025 en Felanitx con un punto informativo sobre el CJIB y una paradita de venta de merchandising. Durante toda la jornada, muchas personas se pararon a charlar con nosotras, descubrir qui\u00e9nes somos y llevarse alguna de nuestras camisetas, bolsas y otros productos con mucho rollo joven y comprometido. <\/p>\n\n\n\n<p>Estamos muy contentas con c\u00f3mo fue todo: \u00a1el ambiente en el Acampallengua fue incre\u00edble! M\u00fasica, talleres, reivindicaci\u00f3n, buen rollo y much\u00edsima gente joven amando y defendiendo nuestra lengua. Nos hizo especial ilusi\u00f3n ver tantas caras conocidas y nuevas interesadas por el Consell y por lo que hacemos.  <\/p>\n\n\n\n<p>Salir a la calle y conectar con la gente joven nos da mucha fuerza para seguir trabajando por sus necesidades y para hacer o\u00edr su voz en todo el territorio.<\/p>\n\n\n\n<p>Gracias a toda la organizaci\u00f3n del Acampallengua por hacerlo posible. \u00a1Nos vemos en la pr\u00f3xima! <\/p>\n\n\n\n<figure class=\"wp-block-image size-large\"><img loading=\"lazy\" decoding=\"async\" width=\"683\" height=\"1024\" src=\"https:\/\/cjib.cat\/wp-content\/uploads\/2025\/04\/WhatsApp-Image-2025-04-05-at-16.15.22-683x1024.jpeg\" alt=\"\" class=\"wp-image-1585\" srcset=\"http:\/\/cjib.cat\/wp-content\/uploads\/2025\/04\/WhatsApp-Image-2025-04-05-at-16.15.22-683x1024.jpeg 683w, http:\/\/cjib.cat\/wp-content\/uploads\/2025\/04\/WhatsApp-Image-2025-04-05-at-16.15.22-200x300.jpeg 200w, http:\/\/cjib.cat\/wp-content\/uploads\/2025\/04\/WhatsApp-Image-2025-04-05-at-16.15.22-768x1152.jpeg 768w, http:\/\/cjib.cat\/wp-content\/uploads\/2025\/04\/WhatsApp-Image-2025-04-05-at-16.15.22-1024x1536.jpeg 1024w, http:\/\/cjib.cat\/wp-content\/uploads\/2025\/04\/WhatsApp-Image-2025-04-05-at-16.15.22.jpeg 1066w\" sizes=\"auto, (max-width: 683px) 100vw, 683px\" \/><\/figure>\n","protected":false},"excerpt":{"rendered":"<p>Este pasado s\u00e1bado tuvimos el placer de participar en el Acampallengua 2025 en Felanitx con un punto informativo sobre el CJIB y una paradita de venta de merchandising. Durante toda la jornada, muchas personas se pararon a charlar con nosotras, descubrir qui\u00e9nes somos y llevarse alguna de nuestras camisetas, bolsas y otros productos con mucho [&hellip;]<\/p>\n","protected":false},"author":1,"featured_media":1586,"comment_status":"open","ping_status":"open","sticky":false,"template":"","format":"standard","meta":{"_acf_changed":false,"footnotes":""},"categories":[18],"tags":[],"class_list":["post-1592","post","type-post","status-publish","format-standard","has-post-thumbnail","hentry","category-noticias"],"acf":[],"yoast_head":"<!-- This site is optimized with the Yoast SEO plugin v27.4 - https:\/\/yoast.com\/product\/yoast-seo-wordpress\/ -->\n<title>El CJIB participa en el Acampallengua 2025 en Felanitx con un punto informativo y de venta de merchandising - Consell de Joventut de les Illes Balears<\/title>\n<meta name=\"robots\" content=\"index, follow, max-snippet:-1, max-image-preview:large, max-video-preview:-1\" \/>\n<link rel=\"canonical\" href=\"http:\/\/cjib.cat\/es\/el-cjib-participa-en-el-acampallengua-2025-en-felanitx-con-un-punto-informativo-y-de-venta-de-merchandising\/\" \/>\n<meta property=\"og:locale\" content=\"es_ES\" \/>\n<meta property=\"og:type\" content=\"article\" \/>\n<meta property=\"og:title\" content=\"El CJIB participa en el Acampallengua 2025 en Felanitx con un punto informativo y de venta de merchandising - Consell de Joventut de les Illes Balears\" \/>\n<meta property=\"og:description\" content=\"Este pasado s\u00e1bado tuvimos el placer de participar en el Acampallengua 2025 en Felanitx con un punto informativo sobre el CJIB y una paradita de venta de merchandising. Durante toda la jornada, muchas personas se pararon a charlar con nosotras, descubrir qui\u00e9nes somos y llevarse alguna de nuestras camisetas, bolsas y otros productos con mucho [&hellip;]\" \/>\n<meta property=\"og:url\" content=\"http:\/\/cjib.cat\/es\/el-cjib-participa-en-el-acampallengua-2025-en-felanitx-con-un-punto-informativo-y-de-venta-de-merchandising\/\" \/>\n<meta property=\"og:site_name\" content=\"Consell de Joventut de les Illes Balears\" \/>\n<meta property=\"article:published_time\" content=\"2025-04-07T10:13:58+00:00\" \/>\n<meta property=\"og:image\" content=\"http:\/\/cjib.cat\/wp-content\/uploads\/2025\/04\/WhatsApp-Image-2025-04-05-at-16.15.22.jpeg\" \/>\n\t<meta property=\"og:image:width\" content=\"1066\" \/>\n\t<meta property=\"og:image:height\" content=\"1599\" \/>\n\t<meta property=\"og:image:type\" content=\"image\/jpeg\" \/>\n<meta name=\"author\" content=\"admin\" \/>\n<meta name=\"twitter:card\" content=\"summary_large_image\" \/>\n<meta name=\"twitter:label1\" content=\"Escrito por\" \/>\n\t<meta name=\"twitter:data1\" content=\"admin\" \/>\n\t<meta name=\"twitter:label2\" content=\"Tiempo de lectura\" \/>\n\t<meta name=\"twitter:data2\" content=\"1 minuto\" \/>\n<script type=\"application\/ld+json\" class=\"yoast-schema-graph\">{\"@context\":\"https:\\\/\\\/schema.org\",\"@graph\":[{\"@type\":\"Article\",\"@id\":\"http:\\\/\\\/cjib.cat\\\/es\\\/el-cjib-participa-en-el-acampallengua-2025-en-felanitx-con-un-punto-informativo-y-de-venta-de-merchandising\\\/#article\",\"isPartOf\":{\"@id\":\"http:\\\/\\\/cjib.cat\\\/es\\\/el-cjib-participa-en-el-acampallengua-2025-en-felanitx-con-un-punto-informativo-y-de-venta-de-merchandising\\\/\"},\"author\":{\"name\":\"admin\",\"@id\":\"https:\\\/\\\/cjib.cat\\\/#\\\/schema\\\/person\\\/0c43ec505932187f4e7fe9847a6baeb4\"},\"headline\":\"El CJIB participa en el Acampallengua 2025 en Felanitx con un punto informativo y de venta de merchandising\",\"datePublished\":\"2025-04-07T10:13:58+00:00\",\"mainEntityOfPage\":{\"@id\":\"http:\\\/\\\/cjib.cat\\\/es\\\/el-cjib-participa-en-el-acampallengua-2025-en-felanitx-con-un-punto-informativo-y-de-venta-de-merchandising\\\/\"},\"wordCount\":178,\"commentCount\":0,\"publisher\":{\"@id\":\"https:\\\/\\\/cjib.cat\\\/#organization\"},\"image\":{\"@id\":\"http:\\\/\\\/cjib.cat\\\/es\\\/el-cjib-participa-en-el-acampallengua-2025-en-felanitx-con-un-punto-informativo-y-de-venta-de-merchandising\\\/#primaryimage\"},\"thumbnailUrl\":\"http:\\\/\\\/cjib.cat\\\/wp-content\\\/uploads\\\/2025\\\/04\\\/WhatsApp-Image-2025-04-05-at-16.15.22.jpeg\",\"articleSection\":[\"Noticias\"],\"inLanguage\":\"es\",\"potentialAction\":[{\"@type\":\"CommentAction\",\"name\":\"Comment\",\"target\":[\"http:\\\/\\\/cjib.cat\\\/es\\\/el-cjib-participa-en-el-acampallengua-2025-en-felanitx-con-un-punto-informativo-y-de-venta-de-merchandising\\\/#respond\"]}]},{\"@type\":\"WebPage\",\"@id\":\"http:\\\/\\\/cjib.cat\\\/es\\\/el-cjib-participa-en-el-acampallengua-2025-en-felanitx-con-un-punto-informativo-y-de-venta-de-merchandising\\\/\",\"url\":\"http:\\\/\\\/cjib.cat\\\/es\\\/el-cjib-participa-en-el-acampallengua-2025-en-felanitx-con-un-punto-informativo-y-de-venta-de-merchandising\\\/\",\"name\":\"El CJIB participa en el Acampallengua 2025 en Felanitx con un punto informativo y de venta de merchandising - Consell de Joventut de les Illes Balears\",\"isPartOf\":{\"@id\":\"https:\\\/\\\/cjib.cat\\\/#website\"},\"primaryImageOfPage\":{\"@id\":\"http:\\\/\\\/cjib.cat\\\/es\\\/el-cjib-participa-en-el-acampallengua-2025-en-felanitx-con-un-punto-informativo-y-de-venta-de-merchandising\\\/#primaryimage\"},\"image\":{\"@id\":\"http:\\\/\\\/cjib.cat\\\/es\\\/el-cjib-participa-en-el-acampallengua-2025-en-felanitx-con-un-punto-informativo-y-de-venta-de-merchandising\\\/#primaryimage\"},\"thumbnailUrl\":\"http:\\\/\\\/cjib.cat\\\/wp-content\\\/uploads\\\/2025\\\/04\\\/WhatsApp-Image-2025-04-05-at-16.15.22.jpeg\",\"datePublished\":\"2025-04-07T10:13:58+00:00\",\"breadcrumb\":{\"@id\":\"http:\\\/\\\/cjib.cat\\\/es\\\/el-cjib-participa-en-el-acampallengua-2025-en-felanitx-con-un-punto-informativo-y-de-venta-de-merchandising\\\/#breadcrumb\"},\"inLanguage\":\"es\",\"potentialAction\":[{\"@type\":\"ReadAction\",\"target\":[\"http:\\\/\\\/cjib.cat\\\/es\\\/el-cjib-participa-en-el-acampallengua-2025-en-felanitx-con-un-punto-informativo-y-de-venta-de-merchandising\\\/\"]}]},{\"@type\":\"ImageObject\",\"inLanguage\":\"es\",\"@id\":\"http:\\\/\\\/cjib.cat\\\/es\\\/el-cjib-participa-en-el-acampallengua-2025-en-felanitx-con-un-punto-informativo-y-de-venta-de-merchandising\\\/#primaryimage\",\"url\":\"http:\\\/\\\/cjib.cat\\\/wp-content\\\/uploads\\\/2025\\\/04\\\/WhatsApp-Image-2025-04-05-at-16.15.22.jpeg\",\"contentUrl\":\"http:\\\/\\\/cjib.cat\\\/wp-content\\\/uploads\\\/2025\\\/04\\\/WhatsApp-Image-2025-04-05-at-16.15.22.jpeg\",\"width\":1066,\"height\":1599},{\"@type\":\"BreadcrumbList\",\"@id\":\"http:\\\/\\\/cjib.cat\\\/es\\\/el-cjib-participa-en-el-acampallengua-2025-en-felanitx-con-un-punto-informativo-y-de-venta-de-merchandising\\\/#breadcrumb\",\"itemListElement\":[{\"@type\":\"ListItem\",\"position\":1,\"name\":\"\",\"item\":\"http:\\\/\\\/cjib.cat\\\/es\\\/\"},{\"@type\":\"ListItem\",\"position\":2,\"name\":\"El CJIB participa en el Acampallengua 2025 en Felanitx con un punto informativo y de venta de merchandising\"}]},{\"@type\":\"WebSite\",\"@id\":\"https:\\\/\\\/cjib.cat\\\/#website\",\"url\":\"https:\\\/\\\/cjib.cat\\\/\",\"name\":\"Consell de Joventut de les Illes Balears\",\"description\":\"\",\"publisher\":{\"@id\":\"https:\\\/\\\/cjib.cat\\\/#organization\"},\"potentialAction\":[{\"@type\":\"SearchAction\",\"target\":{\"@type\":\"EntryPoint\",\"urlTemplate\":\"https:\\\/\\\/cjib.cat\\\/?s={search_term_string}\"},\"query-input\":{\"@type\":\"PropertyValueSpecification\",\"valueRequired\":true,\"valueName\":\"search_term_string\"}}],\"inLanguage\":\"es\"},{\"@type\":\"Organization\",\"@id\":\"https:\\\/\\\/cjib.cat\\\/#organization\",\"name\":\"Consell de Joventut de les Illes Balears\",\"url\":\"https:\\\/\\\/cjib.cat\\\/\",\"logo\":{\"@type\":\"ImageObject\",\"inLanguage\":\"es\",\"@id\":\"https:\\\/\\\/cjib.cat\\\/#\\\/schema\\\/logo\\\/image\\\/\",\"url\":\"http:\\\/\\\/cjib.cat\\\/wp-content\\\/uploads\\\/2024\\\/06\\\/Marca.svg\",\"contentUrl\":\"http:\\\/\\\/cjib.cat\\\/wp-content\\\/uploads\\\/2024\\\/06\\\/Marca.svg\",\"width\":255,\"height\":48,\"caption\":\"Consell de Joventut de les Illes Balears\"},\"image\":{\"@id\":\"https:\\\/\\\/cjib.cat\\\/#\\\/schema\\\/logo\\\/image\\\/\"}},{\"@type\":\"Person\",\"@id\":\"https:\\\/\\\/cjib.cat\\\/#\\\/schema\\\/person\\\/0c43ec505932187f4e7fe9847a6baeb4\",\"name\":\"admin\",\"image\":{\"@type\":\"ImageObject\",\"inLanguage\":\"es\",\"@id\":\"https:\\\/\\\/secure.gravatar.com\\\/avatar\\\/bc3698a81f00fcd1bcb069c5a9bb6000c98bd8da5d5981e2bdd4b19196ac0c3a?s=96&d=mm&r=g\",\"url\":\"https:\\\/\\\/secure.gravatar.com\\\/avatar\\\/bc3698a81f00fcd1bcb069c5a9bb6000c98bd8da5d5981e2bdd4b19196ac0c3a?s=96&d=mm&r=g\",\"contentUrl\":\"https:\\\/\\\/secure.gravatar.com\\\/avatar\\\/bc3698a81f00fcd1bcb069c5a9bb6000c98bd8da5d5981e2bdd4b19196ac0c3a?s=96&d=mm&r=g\",\"caption\":\"admin\"},\"sameAs\":[\"https:\\\/\\\/cjib.cat\"],\"url\":\"http:\\\/\\\/cjib.cat\\\/es\\\/author\\\/4kd8ec_nedb2sst\\\/\"}]}<\/script>\n<!-- \/ Yoast SEO plugin. -->","yoast_head_json":{"title":"El CJIB participa en el Acampallengua 2025 en Felanitx con un punto informativo y de venta de merchandising - Consell de Joventut de les Illes Balears","robots":{"index":"index","follow":"follow","max-snippet":"max-snippet:-1","max-image-preview":"max-image-preview:large","max-video-preview":"max-video-preview:-1"},"canonical":"http:\/\/cjib.cat\/es\/el-cjib-participa-en-el-acampallengua-2025-en-felanitx-con-un-punto-informativo-y-de-venta-de-merchandising\/","og_locale":"es_ES","og_type":"article","og_title":"El CJIB participa en el Acampallengua 2025 en Felanitx con un punto informativo y de venta de merchandising - Consell de Joventut de les Illes Balears","og_description":"Este pasado s\u00e1bado tuvimos el placer de participar en el Acampallengua 2025 en Felanitx con un punto informativo sobre el CJIB y una paradita de venta de merchandising. Durante toda la jornada, muchas personas se pararon a charlar con nosotras, descubrir qui\u00e9nes somos y llevarse alguna de nuestras camisetas, bolsas y otros productos con mucho [&hellip;]","og_url":"http:\/\/cjib.cat\/es\/el-cjib-participa-en-el-acampallengua-2025-en-felanitx-con-un-punto-informativo-y-de-venta-de-merchandising\/","og_site_name":"Consell de Joventut de les Illes Balears","article_published_time":"2025-04-07T10:13:58+00:00","og_image":[{"width":1066,"height":1599,"url":"http:\/\/cjib.cat\/wp-content\/uploads\/2025\/04\/WhatsApp-Image-2025-04-05-at-16.15.22.jpeg","type":"image\/jpeg"}],"author":"admin","twitter_card":"summary_large_image","twitter_misc":{"Escrito por":"admin","Tiempo de lectura":"1 minuto"},"schema":{"@context":"https:\/\/schema.org","@graph":[{"@type":"Article","@id":"http:\/\/cjib.cat\/es\/el-cjib-participa-en-el-acampallengua-2025-en-felanitx-con-un-punto-informativo-y-de-venta-de-merchandising\/#article","isPartOf":{"@id":"http:\/\/cjib.cat\/es\/el-cjib-participa-en-el-acampallengua-2025-en-felanitx-con-un-punto-informativo-y-de-venta-de-merchandising\/"},"author":{"name":"admin","@id":"https:\/\/cjib.cat\/#\/schema\/person\/0c43ec505932187f4e7fe9847a6baeb4"},"headline":"El CJIB participa en el Acampallengua 2025 en Felanitx con un punto informativo y de venta de merchandising","datePublished":"2025-04-07T10:13:58+00:00","mainEntityOfPage":{"@id":"http:\/\/cjib.cat\/es\/el-cjib-participa-en-el-acampallengua-2025-en-felanitx-con-un-punto-informativo-y-de-venta-de-merchandising\/"},"wordCount":178,"commentCount":0,"publisher":{"@id":"https:\/\/cjib.cat\/#organization"},"image":{"@id":"http:\/\/cjib.cat\/es\/el-cjib-participa-en-el-acampallengua-2025-en-felanitx-con-un-punto-informativo-y-de-venta-de-merchandising\/#primaryimage"},"thumbnailUrl":"http:\/\/cjib.cat\/wp-content\/uploads\/2025\/04\/WhatsApp-Image-2025-04-05-at-16.15.22.jpeg","articleSection":["Noticias"],"inLanguage":"es","potentialAction":[{"@type":"CommentAction","name":"Comment","target":["http:\/\/cjib.cat\/es\/el-cjib-participa-en-el-acampallengua-2025-en-felanitx-con-un-punto-informativo-y-de-venta-de-merchandising\/#respond"]}]},{"@type":"WebPage","@id":"http:\/\/cjib.cat\/es\/el-cjib-participa-en-el-acampallengua-2025-en-felanitx-con-un-punto-informativo-y-de-venta-de-merchandising\/","url":"http:\/\/cjib.cat\/es\/el-cjib-participa-en-el-acampallengua-2025-en-felanitx-con-un-punto-informativo-y-de-venta-de-merchandising\/","name":"El CJIB participa en el Acampallengua 2025 en Felanitx con un punto informativo y de venta de merchandising - Consell de Joventut de les Illes Balears","isPartOf":{"@id":"https:\/\/cjib.cat\/#website"},"primaryImageOfPage":{"@id":"http:\/\/cjib.cat\/es\/el-cjib-participa-en-el-acampallengua-2025-en-felanitx-con-un-punto-informativo-y-de-venta-de-merchandising\/#primaryimage"},"image":{"@id":"http:\/\/cjib.cat\/es\/el-cjib-participa-en-el-acampallengua-2025-en-felanitx-con-un-punto-informativo-y-de-venta-de-merchandising\/#primaryimage"},"thumbnailUrl":"http:\/\/cjib.cat\/wp-content\/uploads\/2025\/04\/WhatsApp-Image-2025-04-05-at-16.15.22.jpeg","datePublished":"2025-04-07T10:13:58+00:00","breadcrumb":{"@id":"http:\/\/cjib.cat\/es\/el-cjib-participa-en-el-acampallengua-2025-en-felanitx-con-un-punto-informativo-y-de-venta-de-merchandising\/#breadcrumb"},"inLanguage":"es","potentialAction":[{"@type":"ReadAction","target":["http:\/\/cjib.cat\/es\/el-cjib-participa-en-el-acampallengua-2025-en-felanitx-con-un-punto-informativo-y-de-venta-de-merchandising\/"]}]},{"@type":"ImageObject","inLanguage":"es","@id":"http:\/\/cjib.cat\/es\/el-cjib-participa-en-el-acampallengua-2025-en-felanitx-con-un-punto-informativo-y-de-venta-de-merchandising\/#primaryimage","url":"http:\/\/cjib.cat\/wp-content\/uploads\/2025\/04\/WhatsApp-Image-2025-04-05-at-16.15.22.jpeg","contentUrl":"http:\/\/cjib.cat\/wp-content\/uploads\/2025\/04\/WhatsApp-Image-2025-04-05-at-16.15.22.jpeg","width":1066,"height":1599},{"@type":"BreadcrumbList","@id":"http:\/\/cjib.cat\/es\/el-cjib-participa-en-el-acampallengua-2025-en-felanitx-con-un-punto-informativo-y-de-venta-de-merchandising\/#breadcrumb","itemListElement":[{"@type":"ListItem","position":1,"name":"","item":"http:\/\/cjib.cat\/es\/"},{"@type":"ListItem","position":2,"name":"El CJIB participa en el Acampallengua 2025 en Felanitx con un punto informativo y de venta de merchandising"}]},{"@type":"WebSite","@id":"https:\/\/cjib.cat\/#website","url":"https:\/\/cjib.cat\/","name":"Consell de Joventut de les Illes Balears","description":"","publisher":{"@id":"https:\/\/cjib.cat\/#organization"},"potentialAction":[{"@type":"SearchAction","target":{"@type":"EntryPoint","urlTemplate":"https:\/\/cjib.cat\/?s={search_term_string}"},"query-input":{"@type":"PropertyValueSpecification","valueRequired":true,"valueName":"search_term_string"}}],"inLanguage":"es"},{"@type":"Organization","@id":"https:\/\/cjib.cat\/#organization","name":"Consell de Joventut de les Illes Balears","url":"https:\/\/cjib.cat\/","logo":{"@type":"ImageObject","inLanguage":"es","@id":"https:\/\/cjib.cat\/#\/schema\/logo\/image\/","url":"http:\/\/cjib.cat\/wp-content\/uploads\/2024\/06\/Marca.svg","contentUrl":"http:\/\/cjib.cat\/wp-content\/uploads\/2024\/06\/Marca.svg","width":255,"height":48,"caption":"Consell de Joventut de les Illes Balears"},"image":{"@id":"https:\/\/cjib.cat\/#\/schema\/logo\/image\/"}},{"@type":"Person","@id":"https:\/\/cjib.cat\/#\/schema\/person\/0c43ec505932187f4e7fe9847a6baeb4","name":"admin","image":{"@type":"ImageObject","inLanguage":"es","@id":"https:\/\/secure.gravatar.com\/avatar\/bc3698a81f00fcd1bcb069c5a9bb6000c98bd8da5d5981e2bdd4b19196ac0c3a?s=96&d=mm&r=g","url":"https:\/\/secure.gravatar.com\/avatar\/bc3698a81f00fcd1bcb069c5a9bb6000c98bd8da5d5981e2bdd4b19196ac0c3a?s=96&d=mm&r=g","contentUrl":"https:\/\/secure.gravatar.com\/avatar\/bc3698a81f00fcd1bcb069c5a9bb6000c98bd8da5d5981e2bdd4b19196ac0c3a?s=96&d=mm&r=g","caption":"admin"},"sameAs":["https:\/\/cjib.cat"],"url":"http:\/\/cjib.cat\/es\/author\/4kd8ec_nedb2sst\/"}]}},"_links":{"self":[{"href":"http:\/\/cjib.cat\/es\/wp-json\/wp\/v2\/posts\/1592","targetHints":{"allow":["GET"]}}],"collection":[{"href":"http:\/\/cjib.cat\/es\/wp-json\/wp\/v2\/posts"}],"about":[{"href":"http:\/\/cjib.cat\/es\/wp-json\/wp\/v2\/types\/post"}],"author":[{"embeddable":true,"href":"http:\/\/cjib.cat\/es\/wp-json\/wp\/v2\/users\/1"}],"replies":[{"embeddable":true,"href":"http:\/\/cjib.cat\/es\/wp-json\/wp\/v2\/comments?post=1592"}],"version-history":[{"count":0,"href":"http:\/\/cjib.cat\/es\/wp-json\/wp\/v2\/posts\/1592\/revisions"}],"wp:featuredmedia":[{"embeddable":true,"href":"http:\/\/cjib.cat\/es\/wp-json\/wp\/v2\/media\/1586"}],"wp:attachment":[{"href":"http:\/\/cjib.cat\/es\/wp-json\/wp\/v2\/media?parent=1592"}],"wp:term":[{"taxonomy":"category","embeddable":true,"href":"http:\/\/cjib.cat\/es\/wp-json\/wp\/v2\/categories?post=1592"},{"taxonomy":"post_tag","embeddable":true,"href":"http:\/\/cjib.cat\/es\/wp-json\/wp\/v2\/tags?post=1592"}],"curies":[{"name":"wp","href":"https:\/\/api.w.org\/{rel}","templated":true}]}}