{"id":1114,"date":"2024-10-10T03:52:27","date_gmt":"2024-10-10T01:52:27","guid":{"rendered":"https:\/\/cjib.cat\/encuentro-en-valencia-con-el-cvj-y-el-cnjc-para-charlar-de-proyectos-futuros-en-comun\/"},"modified":"2024-11-11T15:04:48","modified_gmt":"2024-11-11T14:04:48","slug":"encuentro-en-valencia-con-el-cvj-y-el-cnjc-para-charlar-de-proyectos-futuros-en-comun","status":"publish","type":"post","link":"http:\/\/cjib.cat\/es\/encuentro-en-valencia-con-el-cvj-y-el-cnjc-para-charlar-de-proyectos-futuros-en-comun\/","title":{"rendered":"Encuentro en Valencia con el CVJ y el CNJC para charlar de proyectos futuros en com\u00fan"},"content":{"rendered":"\n<p>Del 8 al 10 de diciembre de 2023 nos reunimos en Valencia con representantes del Consell de la Joventut de Catalunya (CNJC) y del Consell Valenci\u00e0 de la Joventut (CVJ) para abordar y planificar proyectos conjuntos para el futuro.<\/p>\n\n<p>Este encuentro, que tuvo lugar en la sede del CVJ en Valencia, nos permiti\u00f3 intercambiar ideas, compartir experiencias y reflexionar sobre c\u00f3mo podemos colaborar de forma m\u00e1s estrecha en los pr\u00f3ximos proyectos.<\/p>\n\n<p>La reuni\u00f3n fue una valiosa oportunidad para fortalecer los v\u00ednculos entre CJIB, CVJ y CNJC, para explorar nuevas formas de colaboraci\u00f3n que beneficien a los j\u00f3venes de las tres regiones. Este encuentro en Valencia fue un paso positivo hacia una relaci\u00f3n m\u00e1s estrecha y colaborativa entre las tres [MR1] organizaciones juveniles, abriendo sus puertas a un futuro de trabajo conjunto en beneficio de los j\u00f3venes. <\/p>\n","protected":false},"excerpt":{"rendered":"<p>Del 8 al 10 de diciembre de 2023 nos reunimos en Valencia con representantes del Consell de la Joventut de Catalunya (CNJC) y del Consell Valenci\u00e0 de la Joventut (CVJ) para abordar y planificar proyectos conjuntos para el futuro.<\/p>\n","protected":false},"author":1,"featured_media":1112,"comment_status":"closed","ping_status":"closed","sticky":false,"template":"","format":"standard","meta":{"_acf_changed":false,"footnotes":""},"categories":[18],"tags":[],"class_list":["post-1114","post","type-post","status-publish","format-standard","has-post-thumbnail","hentry","category-noticias"],"acf":[],"yoast_head":"<!-- This site is optimized with the Yoast SEO plugin v27.4 - https:\/\/yoast.com\/product\/yoast-seo-wordpress\/ -->\n<title>Encuentro en Valencia con el CVJ y el CNJC para charlar de proyectos futuros en com\u00fan - Consell de Joventut de les Illes Balears<\/title>\n<meta name=\"robots\" content=\"index, follow, max-snippet:-1, max-image-preview:large, max-video-preview:-1\" \/>\n<link rel=\"canonical\" href=\"http:\/\/cjib.cat\/es\/encuentro-en-valencia-con-el-cvj-y-el-cnjc-para-charlar-de-proyectos-futuros-en-comun\/\" \/>\n<meta property=\"og:locale\" content=\"es_ES\" \/>\n<meta property=\"og:type\" content=\"article\" \/>\n<meta property=\"og:title\" content=\"Encuentro en Valencia con el CVJ y el CNJC para charlar de proyectos futuros en com\u00fan - Consell de Joventut de les Illes Balears\" \/>\n<meta property=\"og:description\" content=\"Del 8 al 10 de diciembre de 2023 nos reunimos en Valencia con representantes del Consell de la Joventut de Catalunya (CNJC) y del Consell Valenci\u00e0 de la Joventut (CVJ) para abordar y planificar proyectos conjuntos para el futuro.\" \/>\n<meta property=\"og:url\" content=\"http:\/\/cjib.cat\/es\/encuentro-en-valencia-con-el-cvj-y-el-cnjc-para-charlar-de-proyectos-futuros-en-comun\/\" \/>\n<meta property=\"og:site_name\" content=\"Consell de Joventut de les Illes Balears\" \/>\n<meta property=\"article:published_time\" content=\"2024-10-10T01:52:27+00:00\" \/>\n<meta property=\"article:modified_time\" content=\"2024-11-11T14:04:48+00:00\" \/>\n<meta property=\"og:image\" content=\"http:\/\/cjib.cat\/wp-content\/uploads\/2024\/10\/cjib-post-troballa.jpg\" \/>\n\t<meta property=\"og:image:width\" content=\"530\" \/>\n\t<meta property=\"og:image:height\" content=\"298\" \/>\n\t<meta property=\"og:image:type\" content=\"image\/jpeg\" \/>\n<meta name=\"author\" content=\"admin\" \/>\n<meta name=\"twitter:card\" content=\"summary_large_image\" \/>\n<meta name=\"twitter:label1\" content=\"Escrito por\" \/>\n\t<meta name=\"twitter:data1\" content=\"admin\" \/>\n\t<meta name=\"twitter:label2\" content=\"Tiempo de lectura\" \/>\n\t<meta name=\"twitter:data2\" content=\"1 minuto\" \/>\n<script type=\"application\/ld+json\" class=\"yoast-schema-graph\">{\"@context\":\"https:\\\/\\\/schema.org\",\"@graph\":[{\"@type\":\"Article\",\"@id\":\"http:\\\/\\\/cjib.cat\\\/es\\\/encuentro-en-valencia-con-el-cvj-y-el-cnjc-para-charlar-de-proyectos-futuros-en-comun\\\/#article\",\"isPartOf\":{\"@id\":\"http:\\\/\\\/cjib.cat\\\/es\\\/encuentro-en-valencia-con-el-cvj-y-el-cnjc-para-charlar-de-proyectos-futuros-en-comun\\\/\"},\"author\":{\"name\":\"admin\",\"@id\":\"https:\\\/\\\/cjib.cat\\\/#\\\/schema\\\/person\\\/0c43ec505932187f4e7fe9847a6baeb4\"},\"headline\":\"Encuentro en Valencia con el CVJ y el CNJC para charlar de proyectos futuros en com\u00fan\",\"datePublished\":\"2024-10-10T01:52:27+00:00\",\"dateModified\":\"2024-11-11T14:04:48+00:00\",\"mainEntityOfPage\":{\"@id\":\"http:\\\/\\\/cjib.cat\\\/es\\\/encuentro-en-valencia-con-el-cvj-y-el-cnjc-para-charlar-de-proyectos-futuros-en-comun\\\/\"},\"wordCount\":160,\"publisher\":{\"@id\":\"https:\\\/\\\/cjib.cat\\\/#organization\"},\"image\":{\"@id\":\"http:\\\/\\\/cjib.cat\\\/es\\\/encuentro-en-valencia-con-el-cvj-y-el-cnjc-para-charlar-de-proyectos-futuros-en-comun\\\/#primaryimage\"},\"thumbnailUrl\":\"http:\\\/\\\/cjib.cat\\\/wp-content\\\/uploads\\\/2024\\\/10\\\/cjib-post-troballa.jpg\",\"articleSection\":[\"Noticias\"],\"inLanguage\":\"es\"},{\"@type\":\"WebPage\",\"@id\":\"http:\\\/\\\/cjib.cat\\\/es\\\/encuentro-en-valencia-con-el-cvj-y-el-cnjc-para-charlar-de-proyectos-futuros-en-comun\\\/\",\"url\":\"http:\\\/\\\/cjib.cat\\\/es\\\/encuentro-en-valencia-con-el-cvj-y-el-cnjc-para-charlar-de-proyectos-futuros-en-comun\\\/\",\"name\":\"Encuentro en Valencia con el CVJ y el CNJC para charlar de proyectos futuros en com\u00fan - Consell de Joventut de les Illes Balears\",\"isPartOf\":{\"@id\":\"https:\\\/\\\/cjib.cat\\\/#website\"},\"primaryImageOfPage\":{\"@id\":\"http:\\\/\\\/cjib.cat\\\/es\\\/encuentro-en-valencia-con-el-cvj-y-el-cnjc-para-charlar-de-proyectos-futuros-en-comun\\\/#primaryimage\"},\"image\":{\"@id\":\"http:\\\/\\\/cjib.cat\\\/es\\\/encuentro-en-valencia-con-el-cvj-y-el-cnjc-para-charlar-de-proyectos-futuros-en-comun\\\/#primaryimage\"},\"thumbnailUrl\":\"http:\\\/\\\/cjib.cat\\\/wp-content\\\/uploads\\\/2024\\\/10\\\/cjib-post-troballa.jpg\",\"datePublished\":\"2024-10-10T01:52:27+00:00\",\"dateModified\":\"2024-11-11T14:04:48+00:00\",\"breadcrumb\":{\"@id\":\"http:\\\/\\\/cjib.cat\\\/es\\\/encuentro-en-valencia-con-el-cvj-y-el-cnjc-para-charlar-de-proyectos-futuros-en-comun\\\/#breadcrumb\"},\"inLanguage\":\"es\",\"potentialAction\":[{\"@type\":\"ReadAction\",\"target\":[\"http:\\\/\\\/cjib.cat\\\/es\\\/encuentro-en-valencia-con-el-cvj-y-el-cnjc-para-charlar-de-proyectos-futuros-en-comun\\\/\"]}]},{\"@type\":\"ImageObject\",\"inLanguage\":\"es\",\"@id\":\"http:\\\/\\\/cjib.cat\\\/es\\\/encuentro-en-valencia-con-el-cvj-y-el-cnjc-para-charlar-de-proyectos-futuros-en-comun\\\/#primaryimage\",\"url\":\"http:\\\/\\\/cjib.cat\\\/wp-content\\\/uploads\\\/2024\\\/10\\\/cjib-post-troballa.jpg\",\"contentUrl\":\"http:\\\/\\\/cjib.cat\\\/wp-content\\\/uploads\\\/2024\\\/10\\\/cjib-post-troballa.jpg\",\"width\":530,\"height\":298},{\"@type\":\"BreadcrumbList\",\"@id\":\"http:\\\/\\\/cjib.cat\\\/es\\\/encuentro-en-valencia-con-el-cvj-y-el-cnjc-para-charlar-de-proyectos-futuros-en-comun\\\/#breadcrumb\",\"itemListElement\":[{\"@type\":\"ListItem\",\"position\":1,\"name\":\"\",\"item\":\"https:\\\/\\\/cjib.cat\\\/es\\\/\"},{\"@type\":\"ListItem\",\"position\":2,\"name\":\"Encuentro en Valencia con el CVJ y el CNJC para charlar de proyectos futuros en com\u00fan\"}]},{\"@type\":\"WebSite\",\"@id\":\"https:\\\/\\\/cjib.cat\\\/#website\",\"url\":\"https:\\\/\\\/cjib.cat\\\/\",\"name\":\"Consell de Joventut de les Illes Balears\",\"description\":\"\",\"publisher\":{\"@id\":\"https:\\\/\\\/cjib.cat\\\/#organization\"},\"potentialAction\":[{\"@type\":\"SearchAction\",\"target\":{\"@type\":\"EntryPoint\",\"urlTemplate\":\"https:\\\/\\\/cjib.cat\\\/?s={search_term_string}\"},\"query-input\":{\"@type\":\"PropertyValueSpecification\",\"valueRequired\":true,\"valueName\":\"search_term_string\"}}],\"inLanguage\":\"es\"},{\"@type\":\"Organization\",\"@id\":\"https:\\\/\\\/cjib.cat\\\/#organization\",\"name\":\"Consell de Joventut de les Illes Balears\",\"url\":\"https:\\\/\\\/cjib.cat\\\/\",\"logo\":{\"@type\":\"ImageObject\",\"inLanguage\":\"es\",\"@id\":\"https:\\\/\\\/cjib.cat\\\/#\\\/schema\\\/logo\\\/image\\\/\",\"url\":\"http:\\\/\\\/cjib.cat\\\/wp-content\\\/uploads\\\/2024\\\/06\\\/Marca.svg\",\"contentUrl\":\"http:\\\/\\\/cjib.cat\\\/wp-content\\\/uploads\\\/2024\\\/06\\\/Marca.svg\",\"width\":255,\"height\":48,\"caption\":\"Consell de Joventut de les Illes Balears\"},\"image\":{\"@id\":\"https:\\\/\\\/cjib.cat\\\/#\\\/schema\\\/logo\\\/image\\\/\"}},{\"@type\":\"Person\",\"@id\":\"https:\\\/\\\/cjib.cat\\\/#\\\/schema\\\/person\\\/0c43ec505932187f4e7fe9847a6baeb4\",\"name\":\"admin\",\"image\":{\"@type\":\"ImageObject\",\"inLanguage\":\"es\",\"@id\":\"https:\\\/\\\/secure.gravatar.com\\\/avatar\\\/bc3698a81f00fcd1bcb069c5a9bb6000c98bd8da5d5981e2bdd4b19196ac0c3a?s=96&d=mm&r=g\",\"url\":\"https:\\\/\\\/secure.gravatar.com\\\/avatar\\\/bc3698a81f00fcd1bcb069c5a9bb6000c98bd8da5d5981e2bdd4b19196ac0c3a?s=96&d=mm&r=g\",\"contentUrl\":\"https:\\\/\\\/secure.gravatar.com\\\/avatar\\\/bc3698a81f00fcd1bcb069c5a9bb6000c98bd8da5d5981e2bdd4b19196ac0c3a?s=96&d=mm&r=g\",\"caption\":\"admin\"},\"sameAs\":[\"https:\\\/\\\/cjib.cat\"],\"url\":\"http:\\\/\\\/cjib.cat\\\/es\\\/author\\\/4kd8ec_nedb2sst\\\/\"}]}<\/script>\n<!-- \/ Yoast SEO plugin. -->","yoast_head_json":{"title":"Encuentro en Valencia con el CVJ y el CNJC para charlar de proyectos futuros en com\u00fan - Consell de Joventut de les Illes Balears","robots":{"index":"index","follow":"follow","max-snippet":"max-snippet:-1","max-image-preview":"max-image-preview:large","max-video-preview":"max-video-preview:-1"},"canonical":"http:\/\/cjib.cat\/es\/encuentro-en-valencia-con-el-cvj-y-el-cnjc-para-charlar-de-proyectos-futuros-en-comun\/","og_locale":"es_ES","og_type":"article","og_title":"Encuentro en Valencia con el CVJ y el CNJC para charlar de proyectos futuros en com\u00fan - Consell de Joventut de les Illes Balears","og_description":"Del 8 al 10 de diciembre de 2023 nos reunimos en Valencia con representantes del Consell de la Joventut de Catalunya (CNJC) y del Consell Valenci\u00e0 de la Joventut (CVJ) para abordar y planificar proyectos conjuntos para el futuro.","og_url":"http:\/\/cjib.cat\/es\/encuentro-en-valencia-con-el-cvj-y-el-cnjc-para-charlar-de-proyectos-futuros-en-comun\/","og_site_name":"Consell de Joventut de les Illes Balears","article_published_time":"2024-10-10T01:52:27+00:00","article_modified_time":"2024-11-11T14:04:48+00:00","og_image":[{"width":530,"height":298,"url":"http:\/\/cjib.cat\/wp-content\/uploads\/2024\/10\/cjib-post-troballa.jpg","type":"image\/jpeg"}],"author":"admin","twitter_card":"summary_large_image","twitter_misc":{"Escrito por":"admin","Tiempo de lectura":"1 minuto"},"schema":{"@context":"https:\/\/schema.org","@graph":[{"@type":"Article","@id":"http:\/\/cjib.cat\/es\/encuentro-en-valencia-con-el-cvj-y-el-cnjc-para-charlar-de-proyectos-futuros-en-comun\/#article","isPartOf":{"@id":"http:\/\/cjib.cat\/es\/encuentro-en-valencia-con-el-cvj-y-el-cnjc-para-charlar-de-proyectos-futuros-en-comun\/"},"author":{"name":"admin","@id":"https:\/\/cjib.cat\/#\/schema\/person\/0c43ec505932187f4e7fe9847a6baeb4"},"headline":"Encuentro en Valencia con el CVJ y el CNJC para charlar de proyectos futuros en com\u00fan","datePublished":"2024-10-10T01:52:27+00:00","dateModified":"2024-11-11T14:04:48+00:00","mainEntityOfPage":{"@id":"http:\/\/cjib.cat\/es\/encuentro-en-valencia-con-el-cvj-y-el-cnjc-para-charlar-de-proyectos-futuros-en-comun\/"},"wordCount":160,"publisher":{"@id":"https:\/\/cjib.cat\/#organization"},"image":{"@id":"http:\/\/cjib.cat\/es\/encuentro-en-valencia-con-el-cvj-y-el-cnjc-para-charlar-de-proyectos-futuros-en-comun\/#primaryimage"},"thumbnailUrl":"http:\/\/cjib.cat\/wp-content\/uploads\/2024\/10\/cjib-post-troballa.jpg","articleSection":["Noticias"],"inLanguage":"es"},{"@type":"WebPage","@id":"http:\/\/cjib.cat\/es\/encuentro-en-valencia-con-el-cvj-y-el-cnjc-para-charlar-de-proyectos-futuros-en-comun\/","url":"http:\/\/cjib.cat\/es\/encuentro-en-valencia-con-el-cvj-y-el-cnjc-para-charlar-de-proyectos-futuros-en-comun\/","name":"Encuentro en Valencia con el CVJ y el CNJC para charlar de proyectos futuros en com\u00fan - Consell de Joventut de les Illes Balears","isPartOf":{"@id":"https:\/\/cjib.cat\/#website"},"primaryImageOfPage":{"@id":"http:\/\/cjib.cat\/es\/encuentro-en-valencia-con-el-cvj-y-el-cnjc-para-charlar-de-proyectos-futuros-en-comun\/#primaryimage"},"image":{"@id":"http:\/\/cjib.cat\/es\/encuentro-en-valencia-con-el-cvj-y-el-cnjc-para-charlar-de-proyectos-futuros-en-comun\/#primaryimage"},"thumbnailUrl":"http:\/\/cjib.cat\/wp-content\/uploads\/2024\/10\/cjib-post-troballa.jpg","datePublished":"2024-10-10T01:52:27+00:00","dateModified":"2024-11-11T14:04:48+00:00","breadcrumb":{"@id":"http:\/\/cjib.cat\/es\/encuentro-en-valencia-con-el-cvj-y-el-cnjc-para-charlar-de-proyectos-futuros-en-comun\/#breadcrumb"},"inLanguage":"es","potentialAction":[{"@type":"ReadAction","target":["http:\/\/cjib.cat\/es\/encuentro-en-valencia-con-el-cvj-y-el-cnjc-para-charlar-de-proyectos-futuros-en-comun\/"]}]},{"@type":"ImageObject","inLanguage":"es","@id":"http:\/\/cjib.cat\/es\/encuentro-en-valencia-con-el-cvj-y-el-cnjc-para-charlar-de-proyectos-futuros-en-comun\/#primaryimage","url":"http:\/\/cjib.cat\/wp-content\/uploads\/2024\/10\/cjib-post-troballa.jpg","contentUrl":"http:\/\/cjib.cat\/wp-content\/uploads\/2024\/10\/cjib-post-troballa.jpg","width":530,"height":298},{"@type":"BreadcrumbList","@id":"http:\/\/cjib.cat\/es\/encuentro-en-valencia-con-el-cvj-y-el-cnjc-para-charlar-de-proyectos-futuros-en-comun\/#breadcrumb","itemListElement":[{"@type":"ListItem","position":1,"name":"","item":"https:\/\/cjib.cat\/es\/"},{"@type":"ListItem","position":2,"name":"Encuentro en Valencia con el CVJ y el CNJC para charlar de proyectos futuros en com\u00fan"}]},{"@type":"WebSite","@id":"https:\/\/cjib.cat\/#website","url":"https:\/\/cjib.cat\/","name":"Consell de Joventut de les Illes Balears","description":"","publisher":{"@id":"https:\/\/cjib.cat\/#organization"},"potentialAction":[{"@type":"SearchAction","target":{"@type":"EntryPoint","urlTemplate":"https:\/\/cjib.cat\/?s={search_term_string}"},"query-input":{"@type":"PropertyValueSpecification","valueRequired":true,"valueName":"search_term_string"}}],"inLanguage":"es"},{"@type":"Organization","@id":"https:\/\/cjib.cat\/#organization","name":"Consell de Joventut de les Illes Balears","url":"https:\/\/cjib.cat\/","logo":{"@type":"ImageObject","inLanguage":"es","@id":"https:\/\/cjib.cat\/#\/schema\/logo\/image\/","url":"http:\/\/cjib.cat\/wp-content\/uploads\/2024\/06\/Marca.svg","contentUrl":"http:\/\/cjib.cat\/wp-content\/uploads\/2024\/06\/Marca.svg","width":255,"height":48,"caption":"Consell de Joventut de les Illes Balears"},"image":{"@id":"https:\/\/cjib.cat\/#\/schema\/logo\/image\/"}},{"@type":"Person","@id":"https:\/\/cjib.cat\/#\/schema\/person\/0c43ec505932187f4e7fe9847a6baeb4","name":"admin","image":{"@type":"ImageObject","inLanguage":"es","@id":"https:\/\/secure.gravatar.com\/avatar\/bc3698a81f00fcd1bcb069c5a9bb6000c98bd8da5d5981e2bdd4b19196ac0c3a?s=96&d=mm&r=g","url":"https:\/\/secure.gravatar.com\/avatar\/bc3698a81f00fcd1bcb069c5a9bb6000c98bd8da5d5981e2bdd4b19196ac0c3a?s=96&d=mm&r=g","contentUrl":"https:\/\/secure.gravatar.com\/avatar\/bc3698a81f00fcd1bcb069c5a9bb6000c98bd8da5d5981e2bdd4b19196ac0c3a?s=96&d=mm&r=g","caption":"admin"},"sameAs":["https:\/\/cjib.cat"],"url":"http:\/\/cjib.cat\/es\/author\/4kd8ec_nedb2sst\/"}]}},"_links":{"self":[{"href":"http:\/\/cjib.cat\/es\/wp-json\/wp\/v2\/posts\/1114","targetHints":{"allow":["GET"]}}],"collection":[{"href":"http:\/\/cjib.cat\/es\/wp-json\/wp\/v2\/posts"}],"about":[{"href":"http:\/\/cjib.cat\/es\/wp-json\/wp\/v2\/types\/post"}],"author":[{"embeddable":true,"href":"http:\/\/cjib.cat\/es\/wp-json\/wp\/v2\/users\/1"}],"replies":[{"embeddable":true,"href":"http:\/\/cjib.cat\/es\/wp-json\/wp\/v2\/comments?post=1114"}],"version-history":[{"count":1,"href":"http:\/\/cjib.cat\/es\/wp-json\/wp\/v2\/posts\/1114\/revisions"}],"predecessor-version":[{"id":1115,"href":"http:\/\/cjib.cat\/es\/wp-json\/wp\/v2\/posts\/1114\/revisions\/1115"}],"wp:featuredmedia":[{"embeddable":true,"href":"http:\/\/cjib.cat\/es\/wp-json\/wp\/v2\/media\/1112"}],"wp:attachment":[{"href":"http:\/\/cjib.cat\/es\/wp-json\/wp\/v2\/media?parent=1114"}],"wp:term":[{"taxonomy":"category","embeddable":true,"href":"http:\/\/cjib.cat\/es\/wp-json\/wp\/v2\/categories?post=1114"},{"taxonomy":"post_tag","embeddable":true,"href":"http:\/\/cjib.cat\/es\/wp-json\/wp\/v2\/tags?post=1114"}],"curies":[{"name":"wp","href":"https:\/\/api.w.org\/{rel}","templated":true}]}}